{"id":2262,"date":"2022-12-23T14:07:47","date_gmt":"2022-12-23T13:07:47","guid":{"rendered":"https:\/\/www.sk-minden.de\/?p=2262"},"modified":"2023-01-16T17:07:22","modified_gmt":"2023-01-16T16:07:22","slug":"weihnachten-2022","status":"publish","type":"post","link":"https:\/\/www.sk-minden.de\/?p=2262","title":{"rendered":"Weihnachten 2022"},"content":{"rendered":"<p><img loading=\"lazy\" decoding=\"async\" class=\"wp-image-2263 alignleft\" src=\"https:\/\/www.sk-minden.de\/wp-content\/uploads\/2022\/12\/W2022-300x163.png\" alt=\"\" width=\"646\" height=\"363\" \/><\/p>\n<p>&nbsp;<\/p>\n<p>&nbsp;<\/p>\n<p>&nbsp;<\/p>\n<p>&nbsp;<\/p>\n<p>&nbsp;<\/p>\n<p>&nbsp;<\/p>\n<p>&nbsp;<\/p>\n<p>&nbsp;<\/p>\n<p>&nbsp;<\/p>\n<p>&nbsp;<\/p>\n<p>&nbsp;<\/p>\n<p>Liebe Sch\u00fctzenkameradinnen und Kameraden,<\/p>\n<p>wieder neigt sich ein Jahr dem Ende,<\/p>\n<p>ein Jahr wo Corona in den Hintergrund ger\u00e4t und ein dramatischer Krieg mit seinen Auswirkungen uns Tag f\u00fcr Tag begleitet.<\/p>\n<p>Nichts desto trotz ist in vielen Vereinen ein wenig Normalit\u00e4t eingetreten und einige von euch konnten auch wieder mit Freunden und Kameraden Feste feiern sei es nur intern oder auch mit G\u00e4sten.<\/p>\n<p>Trotzdem sind wir noch weit von der alt bekannten Normalit\u00e4t entfernt, aber die Hoffnung bleibt, das es in den n\u00e4chsten Monaten immer besser wird<\/p>\n<p>Der Gesamtvorstand des Sch\u00fctzenkreises Minden w\u00fcnscht Euch und Ihnen eine besinnliche Weihnachtszeit, ein paar ruhige Tage der Entspannung und einen guten Rutsch ins Jahr 2023.<\/p>\n<p>Auf ein baldiges WIEDERSEHEN<\/p>\n<p>Euer Kreisvorstand<\/p>\n","protected":false},"excerpt":{"rendered":"<p>&nbsp; &nbsp; &nbsp; &nbsp; &nbsp; &nbsp; &nbsp; &nbsp; &nbsp; &nbsp; &nbsp; Liebe Sch\u00fctzenkameradinnen und Kameraden, wieder neigt sich ein Jahr dem Ende, ein Jahr wo Corona in den Hintergrund ger\u00e4t und ein dramatischer Krieg mit seinen Auswirkungen uns Tag f\u00fcr&hellip;<\/p>\n<p class=\"more-link-p\"><a class=\"more-link\" href=\"https:\/\/www.sk-minden.de\/?p=2262\">Read more &rarr;<\/a><\/p>\n","protected":false},"author":4,"featured_media":0,"comment_status":"closed","ping_status":"closed","sticky":false,"template":"","format":"standard","meta":{"footnotes":""},"categories":[124],"tags":[],"class_list":["post-2262","post","type-post","status-publish","format-standard","hentry","category-aktuelles"],"_links":{"self":[{"href":"https:\/\/www.sk-minden.de\/index.php?rest_route=\/wp\/v2\/posts\/2262","targetHints":{"allow":["GET"]}}],"collection":[{"href":"https:\/\/www.sk-minden.de\/index.php?rest_route=\/wp\/v2\/posts"}],"about":[{"href":"https:\/\/www.sk-minden.de\/index.php?rest_route=\/wp\/v2\/types\/post"}],"author":[{"embeddable":true,"href":"https:\/\/www.sk-minden.de\/index.php?rest_route=\/wp\/v2\/users\/4"}],"replies":[{"embeddable":true,"href":"https:\/\/www.sk-minden.de\/index.php?rest_route=%2Fwp%2Fv2%2Fcomments&post=2262"}],"version-history":[{"count":7,"href":"https:\/\/www.sk-minden.de\/index.php?rest_route=\/wp\/v2\/posts\/2262\/revisions"}],"predecessor-version":[{"id":2274,"href":"https:\/\/www.sk-minden.de\/index.php?rest_route=\/wp\/v2\/posts\/2262\/revisions\/2274"}],"wp:attachment":[{"href":"https:\/\/www.sk-minden.de\/index.php?rest_route=%2Fwp%2Fv2%2Fmedia&parent=2262"}],"wp:term":[{"taxonomy":"category","embeddable":true,"href":"https:\/\/www.sk-minden.de\/index.php?rest_route=%2Fwp%2Fv2%2Fcategories&post=2262"},{"taxonomy":"post_tag","embeddable":true,"href":"https:\/\/www.sk-minden.de\/index.php?rest_route=%2Fwp%2Fv2%2Ftags&post=2262"}],"curies":[{"name":"wp","href":"https:\/\/api.w.org\/{rel}","templated":true}]}}